{"id":864,"date":"2024-02-01T11:23:24","date_gmt":"2024-02-01T11:23:24","guid":{"rendered":"https:\/\/skadi.is\/?p=864"},"modified":"2024-02-01T11:23:24","modified_gmt":"2024-02-01T11:23:24","slug":"atvikalysing-vinnuveitanda-til-opinberra-adila-logd-til-grundvallar","status":"publish","type":"post","link":"https:\/\/skadi.is\/index.php\/2024\/02\/01\/atvikalysing-vinnuveitanda-til-opinberra-adila-logd-til-grundvallar\/","title":{"rendered":"ATVIKAL\u00ddSING VINNUVEITANDA TIL OPINBERRA A\u00d0ILA L\u00d6G\u00d0 TIL GRUNDVALLAR"},"content":{"rendered":"\n<p>\u00deann 10. n\u00f3vember sl. l\u00e1 fyrir d\u00f3mur H\u00e9ra\u00f0sd\u00f3ms Reykjav\u00edkur \u00ed m\u00e1li umbj\u00f3\u00f0anda L\u00f6gmanna \u00c1rb\u00e6 slf.&nbsp; gegn Sj\u00f3v\u00e1 Almennum tryggingum hf.,&nbsp; sbr. h\u00e9ra\u00f0sd\u00f3msm\u00e1li\u00f0 nr. 3064\/2023.&nbsp; \u00dear komst fj\u00f6lskipa\u00f0ur d\u00f3mur H\u00e9ra\u00f0sd\u00f3ms Reykjav\u00edkur, \u00feeirri ni\u00f0urst\u00f6\u00f0u, a\u00f0 Sj\u00f3v\u00e1-Almennar tryggingar hf., b\u00e6ri ska\u00f0ab\u00f3ta\u00e1byrg\u00f0 sem v\u00e1tryggingjandi fyrrum vinnuveitanda tj\u00f3n\u00feola, vegna vinnuslyss tj\u00f3n\u00feola \u00ed n\u00f3vember 2021.&nbsp; Kaus hi\u00f0 stefnda tryggingarf\u00e9lag a\u00f0 una d\u00f3mi h\u00e9ra\u00f0sd\u00f3ms.<\/p>\n\n\n\n<p>\u00cd m\u00e1linu greindi a\u00f0ilum \u00e1 hvort a\u00f0 tj\u00f3n\u00feoli \u00e6tti r\u00e9tt \u00e1 b\u00f3tum \u00far frj\u00e1lsri \u00e1byrg\u00f0artryggingu fyrrum vinnuveitanda tj\u00f3n\u00feola, vegna \u00feess l\u00edkamstj\u00f3ns sem tj\u00f3n\u00feola var\u00f0 fyrir \u00ed slysi \u00e1 vinnusta\u00f0 s\u00ednum. N\u00e1nari tildr\u00f6g&nbsp; m\u00e1lsins&nbsp; voru&nbsp; \u00feau,&nbsp; a\u00f0&nbsp; tj\u00f3n\u00feoli&nbsp; var\u00f0&nbsp; fyrir&nbsp; slysi, a\u00f0 morgni 21.&nbsp; n\u00f3vember&nbsp; 2021,&nbsp;&nbsp; \u00ed starfi s\u00ednu vi\u00f0 afgrei\u00f0slu \u00ed \u00fativistarverslun fyrrum vinnuveitanda s\u00edns sem sta\u00f0sett er \u00ed gestami\u00f0st\u00f6\u00f0 \u00fej\u00f3\u00f0gar\u00f0sins \u00e1 \u00deingv\u00f6llum. Tildr\u00f6g slyssins voru \u00feau, a\u00f0 snemma a\u00f0 morgni umr\u00e6ddan dag hafi tj\u00f3n\u00feoli \u00e6tla\u00f0 a\u00f0 s\u00fdna&nbsp; h\u00f3pi vi\u00f0skiptavina&nbsp;&nbsp; hvar&nbsp;&nbsp; \u00fatisalerni&nbsp;&nbsp; v\u00e6ri&nbsp;&nbsp; \u00e1&nbsp;&nbsp; sv\u00e6\u00f0inu, en \u00e1 \u00feeim t\u00edma hafi salerni innandyra ekki veri\u00f0 opin vi\u00f0skiptavinum. Er tj\u00f3n\u00feoli hafi gengi\u00f0 \u00fat um \u00fat&nbsp; um&nbsp; dyr gestami\u00f0st\u00f6\u00f0varinnar og s\u00ed\u00f0an ni\u00f0ur afl\u00ed\u00f0andi ramp. \u00c1 lei\u00f0 sinni ni\u00f0ur rampinn hafi stefnandi skrika\u00f0 f\u00f3tur og h\u00fan falli\u00f0 aftur fyrir sig,&nbsp; me\u00f0 \u00feeim aflei\u00f0ingum a\u00f0 h\u00f6fu\u00f0 hennar, hnakki, bak og hendur hafi skolli\u00f0 af miklu afli \u00e1 rampinn.<\/p>\n\n\n\n<p>\u00cd m\u00e1linu deildu a\u00f0ilar m.a. um hvernig n\u00e1kv\u00e6mlega hafi veri\u00f0 umhorfs \u00e1 slyssta\u00f0 og hvort a\u00f0 h\u00e1lkuv\u00f6rnum hafi veri\u00f0 sinnt me\u00f0 forsvaranlegum h\u00e6tti af h\u00e1lfu vinnuveitanda tj\u00f3n\u00feola. Vi\u00f0 \u00farlausn \u00e1 \u00feeim \u00e1greiningi, lag\u00f0i d\u00f3murinn r\u00e9ttilega til grundvallar, fr\u00e1s\u00f6gn tj\u00f3n\u00feola sem \u00e1tti s\u00e9r sto\u00f0 \u00ed upphaflegum tilkynningum fyrrum vinnuveitanda tj\u00f3n\u00feola til Vinnueftirlits r\u00edkisins og Sj\u00fakratrygginga \u00cdslands.&nbsp;<\/p>\n\n\n\n<p>Er ni\u00f0ursta\u00f0a d\u00f3msins sk\u00fdr, a\u00f0 leggja ver\u00f0i til grundvallar \u00fe\u00e6r m\u00e1lsatviksl\u00fdsingar sem stafi fr\u00e1 vinnuveitanda tj\u00f3n\u00feola til opinberra a\u00f0ila, nema hi\u00f0 gagnst\u00e6\u00f0a sannist. Samr\u00e6mist s\u00fa t\u00falkun l\u00f6gm\u00e6ltum skyldum atvinnurekanda&nbsp; og komi einnig \u00ed veg fyrir, a\u00f0 vinnuveitandi komi me\u00f0 hagfelldar eftir\u00e1sk\u00fdringar, eftir a\u00f0 krafa um ska\u00f0ab\u00e6tur fr\u00e1 tj\u00f3n\u00feola liggur fyrir. Fyrir framangreindar sakir, er lj\u00f3st a\u00f0 nau\u00f0synlegt s\u00e9 fyrir alla vinnuveitendur \u00feegar slys eru tilkynnt til Sj\u00fakratrygginga \u00cdslands og Vinnueftirlitsins, a\u00f0 sl\u00edkar tilkynningar s\u00e9u n\u00e1kv\u00e6mar og sannleikanum samkv\u00e6mar. Sl\u00edkt eigi a\u00f0 koma \u00ed veg fyrir \u00f3vissu sem kann a\u00f0 myndast um orsakir og tildr\u00f6gum slyss, \u00f6llum til hagsb\u00f3ta.<\/p>\n\n\n\n<p>H\u00e9r m\u00e1 sj\u00e1 d\u00f3minn:&nbsp; <a href=\"https:\/\/www.heradsdomstolar.is\/default.aspx?pageid=347c3bb1-8926-11e5-80c6-005056bc6a40&amp;id=25804df5-ab77-4b03-8af7-f3b11015114e\">https:\/\/www.heradsdomstolar.is\/default.aspx?pageid=347c3bb1-8926-11e5-80c6-005056bc6a40&amp;id=25804df5-ab77-4b03-8af7-f3b11015114e<\/a><\/p>\n","protected":false},"excerpt":{"rendered":"<p>\u00deann 10. n\u00f3vember sl. l\u00e1 fyrir d\u00f3mur H\u00e9ra\u00f0sd\u00f3ms Reykjav\u00edkur \u00ed m\u00e1li umbj\u00f3\u00f0anda L\u00f6gmanna \u00c1rb\u00e6 slf.&nbsp; gegn Sj\u00f3v\u00e1 Almennum tryggingum hf.,&nbsp; sbr. h\u00e9ra\u00f0sd\u00f3msm\u00e1li\u00f0 nr. 3064\/2023.&nbsp; \u00dear komst fj\u00f6lskipa\u00f0ur d\u00f3mur H\u00e9ra\u00f0sd\u00f3ms Reykjav\u00edkur, \u00feeirri ni\u00f0urst\u00f6\u00f0u, a\u00f0 Sj\u00f3v\u00e1-Almennar tryggingar hf., b\u00e6ri ska\u00f0ab\u00f3ta\u00e1byrg\u00f0 sem v\u00e1tryggingjandi fyrrum vinnuveitanda tj\u00f3n\u00feola, vegna vinnuslyss tj\u00f3n\u00feola \u00ed n\u00f3vember 2021.&nbsp; Kaus hi\u00f0 stefnda tryggingarf\u00e9lag a\u00f0 una [&hellip;]<\/p>\n","protected":false},"author":2,"featured_media":0,"comment_status":"open","ping_status":"open","sticky":false,"template":"","format":"standard","meta":{"footnotes":""},"categories":[1],"tags":[],"class_list":["post-864","post","type-post","status-publish","format-standard","hentry","category-uncategorized"],"yoast_head":"<!-- This site is optimized with the Yoast SEO plugin v16.9 - https:\/\/yoast.com\/wordpress\/plugins\/seo\/ -->\n<title>ATVIKAL\u00ddSING VINNUVEITANDA TIL OPINBERRA A\u00d0ILA L\u00d6G\u00d0 TIL GRUNDVALLAR &gt; L&ouml;gmenn &Aacute;rb&aelig;<\/title>\n<meta name=\"description\" content=\"\u00deann 10. n\u00f3vember sl. l\u00e1 fyrir d\u00f3mur H\u00e9ra\u00f0sd\u00f3ms Reykjav\u00edkur \u00ed m\u00e1li umbj\u00f3\u00f0anda L\u00f6gmanna \u00c1rb\u00e6 slf. gegn Sj\u00f3v\u00e1 Almennum tryggingum hf., sbr. h\u00e9ra\u00f0sd\u00f3msm\u00e1li\u00f0 nr. 3064\/2023. \u00dear komst fj\u00f6lskipa\u00f0ur d\u00f3mur H\u00e9ra\u00f0sd\u00f3ms Reykjav\u00edkur, \u00feeirri ni\u00f0urst\u00f6\u00f0u, a\u00f0 Sj\u00f3v\u00e1-Almennar tryggingar hf., b\u00e6ri ska\u00f0ab\u00f3ta\u00e1byrg\u00f0 sem v\u00e1tryggingjandi fyrrum vinnuveitanda tj\u00f3n\u00feola, vegna vinnuslyss tj\u00f3n\u00feola \u00ed n\u00f3vember 2021. Kaus hi\u00f0 stefnda tryggingarf\u00e9lag a\u00f0 una d\u00f3mi h\u00e9ra\u00f0sd\u00f3ms. \u00cd m\u00e1linu greindi a\u00f0ilum \u00e1 hvort a\u00f0 tj\u00f3n\u00feoli \u00e6tti r\u00e9tt \u00e1 b\u00f3tum \u00far frj\u00e1lsri \u00e1byrg\u00f0artryggingu fyrrum vinnuveitanda tj\u00f3n\u00feola, vegna \u00feess l\u00edkamstj\u00f3ns sem tj\u00f3n\u00feola var\u00f0 fyrir \u00ed slysi \u00e1 vinnusta\u00f0 s\u00ednum. N\u00e1nari tildr\u00f6g m\u00e1lsins voru \u00feau, a\u00f0 tj\u00f3n\u00feoli var\u00f0 fyrir slysi, a\u00f0 morgni 21. n\u00f3vember 2021, \u00ed starfi s\u00ednu vi\u00f0 afgrei\u00f0slu \u00ed \u00fativistarverslun fyrrum vinnuveitanda s\u00edns sem sta\u00f0sett er \u00ed gestami\u00f0st\u00f6\u00f0 \u00fej\u00f3\u00f0gar\u00f0sins \u00e1 \u00deingv\u00f6llum. Tildr\u00f6g slyssins voru \u00feau, a\u00f0 snemma a\u00f0 morgni umr\u00e6ddan dag hafi tj\u00f3n\u00feoli \u00e6tla\u00f0 a\u00f0 s\u00fdna h\u00f3pi vi\u00f0skiptavina hvar \u00fatisalerni v\u00e6ri \u00e1 sv\u00e6\u00f0inu, en \u00e1 \u00feeim t\u00edma hafi salerni innandyra ekki veri\u00f0 opin vi\u00f0skiptavinum. Er tj\u00f3n\u00feoli hafi gengi\u00f0 \u00fat um \u00fat um dyr gestami\u00f0st\u00f6\u00f0varinnar og s\u00ed\u00f0an ni\u00f0ur afl\u00ed\u00f0andi ramp. \u00c1 lei\u00f0 sinni ni\u00f0ur rampinn hafi stefnandi skrika\u00f0 f\u00f3tur og h\u00fan falli\u00f0 aftur fyrir sig, me\u00f0 \u00feeim aflei\u00f0ingum a\u00f0 h\u00f6fu\u00f0 hennar, hnakki, bak og hendur hafi skolli\u00f0 af miklu afli \u00e1 rampinn. \u00cd m\u00e1linu deildu a\u00f0ilar m.a. um hvernig n\u00e1kv\u00e6mlega hafi veri\u00f0 umhorfs \u00e1 slyssta\u00f0 og hvort a\u00f0 h\u00e1lkuv\u00f6rnum hafi veri\u00f0 sinnt me\u00f0 forsvaranlegum h\u00e6tti af h\u00e1lfu vinnuveitanda tj\u00f3n\u00feola. Vi\u00f0 \u00farlausn \u00e1 \u00feeim \u00e1greiningi, lag\u00f0i d\u00f3murinn r\u00e9ttilega til grundvallar, fr\u00e1s\u00f6gn tj\u00f3n\u00feola sem \u00e1tti s\u00e9r sto\u00f0 \u00ed upphaflegum tilkynningum fyrrum vinnuveitanda tj\u00f3n\u00feola til Vinnueftirlits r\u00edkisins og Sj\u00fakratrygginga \u00cdslands. Er ni\u00f0ursta\u00f0a d\u00f3msins sk\u00fdr, a\u00f0 leggja ver\u00f0i til grundvallar \u00fe\u00e6r m\u00e1lsatviksl\u00fdsingar sem stafi fr\u00e1 vinnuveitanda tj\u00f3n\u00feola til opinberra a\u00f0ila, nema hi\u00f0 gagnst\u00e6\u00f0a sannist. Samr\u00e6mist s\u00fa t\u00falkun l\u00f6gm\u00e6ltum skyldum atvinnurekanda og komi einnig \u00ed veg fyrir, a\u00f0 vinnuveitandi komi me\u00f0 hagfelldar eftir\u00e1sk\u00fdringar, eftir a\u00f0 krafa um ska\u00f0ab\u00e6tur fr\u00e1 tj\u00f3n\u00feola liggur fyrir. Fyrir framangreindar sakir, er lj\u00f3st a\u00f0 nau\u00f0synlegt s\u00e9 fyrir alla vinnuveitendur \u00feegar slys eru tilkynnt til Sj\u00fakratrygginga \u00cdslands og Vinnueftirlitsins, a\u00f0 sl\u00edkar tilkynningar s\u00e9u n\u00e1kv\u00e6mar og sannleikanum samkv\u00e6mar. Sl\u00edkt eigi a\u00f0 koma \u00ed veg fyrir \u00f3vissu sem kann a\u00f0 myndast um orsakir og tildr\u00f6gum slyss, \u00f6llum til hagsb\u00f3ta.H\u00e9r m\u00e1 sj\u00e1 d\u00f3minn: https:\/\/www.heradsdomstolar.is\/default.aspx?pageid=347c3bb1-8926-11e5-80c6-005056bc6a40&amp;id=25804df5-ab77-4b03-8af7-f3b11015114e %\" \/>\n<meta name=\"robots\" content=\"index, follow, max-snippet:-1, max-image-preview:large, max-video-preview:-1\" \/>\n<link rel=\"canonical\" href=\"https:\/\/skadi.is\/index.php\/2024\/02\/01\/atvikalysing-vinnuveitanda-til-opinberra-adila-logd-til-grundvallar\/\" \/>\n<meta property=\"og:locale\" content=\"en_US\" \/>\n<meta property=\"og:type\" content=\"article\" \/>\n<meta property=\"og:title\" content=\"ATVIKAL\u00ddSING VINNUVEITANDA TIL OPINBERRA A\u00d0ILA L\u00d6G\u00d0 TIL GRUNDVALLAR &gt; L&ouml;gmenn &Aacute;rb&aelig;\" \/>\n<meta property=\"og:description\" content=\"\u00deann 10. n\u00f3vember sl. l\u00e1 fyrir d\u00f3mur H\u00e9ra\u00f0sd\u00f3ms Reykjav\u00edkur \u00ed m\u00e1li umbj\u00f3\u00f0anda L\u00f6gmanna \u00c1rb\u00e6 slf. gegn Sj\u00f3v\u00e1 Almennum tryggingum hf., sbr. h\u00e9ra\u00f0sd\u00f3msm\u00e1li\u00f0 nr. 3064\/2023. \u00dear komst fj\u00f6lskipa\u00f0ur d\u00f3mur H\u00e9ra\u00f0sd\u00f3ms Reykjav\u00edkur, \u00feeirri ni\u00f0urst\u00f6\u00f0u, a\u00f0 Sj\u00f3v\u00e1-Almennar tryggingar hf., b\u00e6ri ska\u00f0ab\u00f3ta\u00e1byrg\u00f0 sem v\u00e1tryggingjandi fyrrum vinnuveitanda tj\u00f3n\u00feola, vegna vinnuslyss tj\u00f3n\u00feola \u00ed n\u00f3vember 2021. Kaus hi\u00f0 stefnda tryggingarf\u00e9lag a\u00f0 una d\u00f3mi h\u00e9ra\u00f0sd\u00f3ms. \u00cd m\u00e1linu greindi a\u00f0ilum \u00e1 hvort a\u00f0 tj\u00f3n\u00feoli \u00e6tti r\u00e9tt \u00e1 b\u00f3tum \u00far frj\u00e1lsri \u00e1byrg\u00f0artryggingu fyrrum vinnuveitanda tj\u00f3n\u00feola, vegna \u00feess l\u00edkamstj\u00f3ns sem tj\u00f3n\u00feola var\u00f0 fyrir \u00ed slysi \u00e1 vinnusta\u00f0 s\u00ednum. N\u00e1nari tildr\u00f6g m\u00e1lsins voru \u00feau, a\u00f0 tj\u00f3n\u00feoli var\u00f0 fyrir slysi, a\u00f0 morgni 21. n\u00f3vember 2021, \u00ed starfi s\u00ednu vi\u00f0 afgrei\u00f0slu \u00ed \u00fativistarverslun fyrrum vinnuveitanda s\u00edns sem sta\u00f0sett er \u00ed gestami\u00f0st\u00f6\u00f0 \u00fej\u00f3\u00f0gar\u00f0sins \u00e1 \u00deingv\u00f6llum. Tildr\u00f6g slyssins voru \u00feau, a\u00f0 snemma a\u00f0 morgni umr\u00e6ddan dag hafi tj\u00f3n\u00feoli \u00e6tla\u00f0 a\u00f0 s\u00fdna h\u00f3pi vi\u00f0skiptavina hvar \u00fatisalerni v\u00e6ri \u00e1 sv\u00e6\u00f0inu, en \u00e1 \u00feeim t\u00edma hafi salerni innandyra ekki veri\u00f0 opin vi\u00f0skiptavinum. Er tj\u00f3n\u00feoli hafi gengi\u00f0 \u00fat um \u00fat um dyr gestami\u00f0st\u00f6\u00f0varinnar og s\u00ed\u00f0an ni\u00f0ur afl\u00ed\u00f0andi ramp. \u00c1 lei\u00f0 sinni ni\u00f0ur rampinn hafi stefnandi skrika\u00f0 f\u00f3tur og h\u00fan falli\u00f0 aftur fyrir sig, me\u00f0 \u00feeim aflei\u00f0ingum a\u00f0 h\u00f6fu\u00f0 hennar, hnakki, bak og hendur hafi skolli\u00f0 af miklu afli \u00e1 rampinn. \u00cd m\u00e1linu deildu a\u00f0ilar m.a. um hvernig n\u00e1kv\u00e6mlega hafi veri\u00f0 umhorfs \u00e1 slyssta\u00f0 og hvort a\u00f0 h\u00e1lkuv\u00f6rnum hafi veri\u00f0 sinnt me\u00f0 forsvaranlegum h\u00e6tti af h\u00e1lfu vinnuveitanda tj\u00f3n\u00feola. Vi\u00f0 \u00farlausn \u00e1 \u00feeim \u00e1greiningi, lag\u00f0i d\u00f3murinn r\u00e9ttilega til grundvallar, fr\u00e1s\u00f6gn tj\u00f3n\u00feola sem \u00e1tti s\u00e9r sto\u00f0 \u00ed upphaflegum tilkynningum fyrrum vinnuveitanda tj\u00f3n\u00feola til Vinnueftirlits r\u00edkisins og Sj\u00fakratrygginga \u00cdslands. Er ni\u00f0ursta\u00f0a d\u00f3msins sk\u00fdr, a\u00f0 leggja ver\u00f0i til grundvallar \u00fe\u00e6r m\u00e1lsatviksl\u00fdsingar sem stafi fr\u00e1 vinnuveitanda tj\u00f3n\u00feola til opinberra a\u00f0ila, nema hi\u00f0 gagnst\u00e6\u00f0a sannist. Samr\u00e6mist s\u00fa t\u00falkun l\u00f6gm\u00e6ltum skyldum atvinnurekanda og komi einnig \u00ed veg fyrir, a\u00f0 vinnuveitandi komi me\u00f0 hagfelldar eftir\u00e1sk\u00fdringar, eftir a\u00f0 krafa um ska\u00f0ab\u00e6tur fr\u00e1 tj\u00f3n\u00feola liggur fyrir. Fyrir framangreindar sakir, er lj\u00f3st a\u00f0 nau\u00f0synlegt s\u00e9 fyrir alla vinnuveitendur \u00feegar slys eru tilkynnt til Sj\u00fakratrygginga \u00cdslands og Vinnueftirlitsins, a\u00f0 sl\u00edkar tilkynningar s\u00e9u n\u00e1kv\u00e6mar og sannleikanum samkv\u00e6mar. Sl\u00edkt eigi a\u00f0 koma \u00ed veg fyrir \u00f3vissu sem kann a\u00f0 myndast um orsakir og tildr\u00f6gum slyss, \u00f6llum til hagsb\u00f3ta.H\u00e9r m\u00e1 sj\u00e1 d\u00f3minn: https:\/\/www.heradsdomstolar.is\/default.aspx?pageid=347c3bb1-8926-11e5-80c6-005056bc6a40&amp;id=25804df5-ab77-4b03-8af7-f3b11015114e %\" \/>\n<meta property=\"og:url\" content=\"https:\/\/skadi.is\/index.php\/2024\/02\/01\/atvikalysing-vinnuveitanda-til-opinberra-adila-logd-til-grundvallar\/\" \/>\n<meta property=\"og:site_name\" content=\"L&ouml;gmenn &Aacute;rb&aelig;\" \/>\n<meta property=\"article:published_time\" content=\"2024-02-01T11:23:24+00:00\" \/>\n<meta name=\"twitter:card\" content=\"summary_large_image\" \/>\n<meta name=\"twitter:label1\" content=\"Written by\" \/>\n\t<meta name=\"twitter:data1\" content=\"logmenn\" \/>\n\t<meta name=\"twitter:label2\" content=\"Est. reading time\" \/>\n\t<meta name=\"twitter:data2\" content=\"3 minutes\" \/>\n<script type=\"application\/ld+json\" class=\"yoast-schema-graph\">{\"@context\":\"https:\/\/schema.org\",\"@graph\":[{\"@type\":\"WebSite\",\"@id\":\"https:\/\/skadi.is\/#website\",\"url\":\"https:\/\/skadi.is\/\",\"name\":\"L&ouml;gmenn &Aacute;rb&aelig;\",\"description\":\"L&ouml;gmenn &Aacute;rb&aelig; slf. er alhli&eth;a l&ouml;gmannsstofa &thorn;ar sem &thorn;verfagleg l&ouml;gmanns&thorn;j&oacute;nusta er veitt.\",\"potentialAction\":[{\"@type\":\"SearchAction\",\"target\":{\"@type\":\"EntryPoint\",\"urlTemplate\":\"https:\/\/skadi.is\/?s={search_term_string}\"},\"query-input\":\"required name=search_term_string\"}],\"inLanguage\":\"en\"},{\"@type\":\"WebPage\",\"@id\":\"https:\/\/skadi.is\/index.php\/2024\/02\/01\/atvikalysing-vinnuveitanda-til-opinberra-adila-logd-til-grundvallar\/#webpage\",\"url\":\"https:\/\/skadi.is\/index.php\/2024\/02\/01\/atvikalysing-vinnuveitanda-til-opinberra-adila-logd-til-grundvallar\/\",\"name\":\"ATVIKAL\\u00ddSING VINNUVEITANDA TIL OPINBERRA A\\u00d0ILA L\\u00d6G\\u00d0 TIL GRUNDVALLAR &gt; L&ouml;gmenn &Aacute;rb&aelig;\",\"isPartOf\":{\"@id\":\"https:\/\/skadi.is\/#website\"},\"datePublished\":\"2024-02-01T11:23:24+00:00\",\"dateModified\":\"2024-02-01T11:23:24+00:00\",\"author\":{\"@id\":\"https:\/\/skadi.is\/#\/schema\/person\/7578cf673856d942ac3689ca9a249b7c\"},\"description\":\"\\u00deann 10. n\\u00f3vember sl. l\\u00e1 fyrir d\\u00f3mur H\\u00e9ra\\u00f0sd\\u00f3ms Reykjav\\u00edkur \\u00ed m\\u00e1li umbj\\u00f3\\u00f0anda L\\u00f6gmanna \\u00c1rb\\u00e6 slf. gegn Sj\\u00f3v\\u00e1 Almennum tryggingum hf., sbr. h\\u00e9ra\\u00f0sd\\u00f3msm\\u00e1li\\u00f0 nr. 3064\/2023. \\u00dear komst fj\\u00f6lskipa\\u00f0ur d\\u00f3mur H\\u00e9ra\\u00f0sd\\u00f3ms Reykjav\\u00edkur, \\u00feeirri ni\\u00f0urst\\u00f6\\u00f0u, a\\u00f0 Sj\\u00f3v\\u00e1-Almennar tryggingar hf., b\\u00e6ri ska\\u00f0ab\\u00f3ta\\u00e1byrg\\u00f0 sem v\\u00e1tryggingjandi fyrrum vinnuveitanda tj\\u00f3n\\u00feola, vegna vinnuslyss tj\\u00f3n\\u00feola \\u00ed n\\u00f3vember 2021. Kaus hi\\u00f0 stefnda tryggingarf\\u00e9lag a\\u00f0 una d\\u00f3mi h\\u00e9ra\\u00f0sd\\u00f3ms. \\u00cd m\\u00e1linu greindi a\\u00f0ilum \\u00e1 hvort a\\u00f0 tj\\u00f3n\\u00feoli \\u00e6tti r\\u00e9tt \\u00e1 b\\u00f3tum \\u00far frj\\u00e1lsri \\u00e1byrg\\u00f0artryggingu fyrrum vinnuveitanda tj\\u00f3n\\u00feola, vegna \\u00feess l\\u00edkamstj\\u00f3ns sem tj\\u00f3n\\u00feola var\\u00f0 fyrir \\u00ed slysi \\u00e1 vinnusta\\u00f0 s\\u00ednum. N\\u00e1nari tildr\\u00f6g m\\u00e1lsins voru \\u00feau, a\\u00f0 tj\\u00f3n\\u00feoli var\\u00f0 fyrir slysi, a\\u00f0 morgni 21. n\\u00f3vember 2021, \\u00ed starfi s\\u00ednu vi\\u00f0 afgrei\\u00f0slu \\u00ed \\u00fativistarverslun fyrrum vinnuveitanda s\\u00edns sem sta\\u00f0sett er \\u00ed gestami\\u00f0st\\u00f6\\u00f0 \\u00fej\\u00f3\\u00f0gar\\u00f0sins \\u00e1 \\u00deingv\\u00f6llum. Tildr\\u00f6g slyssins voru \\u00feau, a\\u00f0 snemma a\\u00f0 morgni umr\\u00e6ddan dag hafi tj\\u00f3n\\u00feoli \\u00e6tla\\u00f0 a\\u00f0 s\\u00fdna h\\u00f3pi vi\\u00f0skiptavina hvar \\u00fatisalerni v\\u00e6ri \\u00e1 sv\\u00e6\\u00f0inu, en \\u00e1 \\u00feeim t\\u00edma hafi salerni innandyra ekki veri\\u00f0 opin vi\\u00f0skiptavinum. Er tj\\u00f3n\\u00feoli hafi gengi\\u00f0 \\u00fat um \\u00fat um dyr gestami\\u00f0st\\u00f6\\u00f0varinnar og s\\u00ed\\u00f0an ni\\u00f0ur afl\\u00ed\\u00f0andi ramp. \\u00c1 lei\\u00f0 sinni ni\\u00f0ur rampinn hafi stefnandi skrika\\u00f0 f\\u00f3tur og h\\u00fan falli\\u00f0 aftur fyrir sig, me\\u00f0 \\u00feeim aflei\\u00f0ingum a\\u00f0 h\\u00f6fu\\u00f0 hennar, hnakki, bak og hendur hafi skolli\\u00f0 af miklu afli \\u00e1 rampinn. \\u00cd m\\u00e1linu deildu a\\u00f0ilar m.a. um hvernig n\\u00e1kv\\u00e6mlega hafi veri\\u00f0 umhorfs \\u00e1 slyssta\\u00f0 og hvort a\\u00f0 h\\u00e1lkuv\\u00f6rnum hafi veri\\u00f0 sinnt me\\u00f0 forsvaranlegum h\\u00e6tti af h\\u00e1lfu vinnuveitanda tj\\u00f3n\\u00feola. Vi\\u00f0 \\u00farlausn \\u00e1 \\u00feeim \\u00e1greiningi, lag\\u00f0i d\\u00f3murinn r\\u00e9ttilega til grundvallar, fr\\u00e1s\\u00f6gn tj\\u00f3n\\u00feola sem \\u00e1tti s\\u00e9r sto\\u00f0 \\u00ed upphaflegum tilkynningum fyrrum vinnuveitanda tj\\u00f3n\\u00feola til Vinnueftirlits r\\u00edkisins og Sj\\u00fakratrygginga \\u00cdslands. Er ni\\u00f0ursta\\u00f0a d\\u00f3msins sk\\u00fdr, a\\u00f0 leggja ver\\u00f0i til grundvallar \\u00fe\\u00e6r m\\u00e1lsatviksl\\u00fdsingar sem stafi fr\\u00e1 vinnuveitanda tj\\u00f3n\\u00feola til opinberra a\\u00f0ila, nema hi\\u00f0 gagnst\\u00e6\\u00f0a sannist. Samr\\u00e6mist s\\u00fa t\\u00falkun l\\u00f6gm\\u00e6ltum skyldum atvinnurekanda og komi einnig \\u00ed veg fyrir, a\\u00f0 vinnuveitandi komi me\\u00f0 hagfelldar eftir\\u00e1sk\\u00fdringar, eftir a\\u00f0 krafa um ska\\u00f0ab\\u00e6tur fr\\u00e1 tj\\u00f3n\\u00feola liggur fyrir. Fyrir framangreindar sakir, er lj\\u00f3st a\\u00f0 nau\\u00f0synlegt s\\u00e9 fyrir alla vinnuveitendur \\u00feegar slys eru tilkynnt til Sj\\u00fakratrygginga \\u00cdslands og Vinnueftirlitsins, a\\u00f0 sl\\u00edkar tilkynningar s\\u00e9u n\\u00e1kv\\u00e6mar og sannleikanum samkv\\u00e6mar. Sl\\u00edkt eigi a\\u00f0 koma \\u00ed veg fyrir \\u00f3vissu sem kann a\\u00f0 myndast um orsakir og tildr\\u00f6gum slyss, \\u00f6llum til hagsb\\u00f3ta.H\\u00e9r m\\u00e1 sj\\u00e1 d\\u00f3minn: https:\/\/www.heradsdomstolar.is\/default.aspx?pageid=347c3bb1-8926-11e5-80c6-005056bc6a40&id=25804df5-ab77-4b03-8af7-f3b11015114e %\",\"breadcrumb\":{\"@id\":\"https:\/\/skadi.is\/index.php\/2024\/02\/01\/atvikalysing-vinnuveitanda-til-opinberra-adila-logd-til-grundvallar\/#breadcrumb\"},\"inLanguage\":\"en\",\"potentialAction\":[{\"@type\":\"ReadAction\",\"target\":[\"https:\/\/skadi.is\/index.php\/2024\/02\/01\/atvikalysing-vinnuveitanda-til-opinberra-adila-logd-til-grundvallar\/\"]}]},{\"@type\":\"BreadcrumbList\",\"@id\":\"https:\/\/skadi.is\/index.php\/2024\/02\/01\/atvikalysing-vinnuveitanda-til-opinberra-adila-logd-til-grundvallar\/#breadcrumb\",\"itemListElement\":[{\"@type\":\"ListItem\",\"position\":1,\"name\":\"Fr\\u00e9ttir\",\"item\":\"https:\/\/skadi.is\/\"},{\"@type\":\"ListItem\",\"position\":2,\"name\":\"ATVIKAL\\u00ddSING VINNUVEITANDA TIL OPINBERRA A\\u00d0ILA L\\u00d6G\\u00d0 TIL GRUNDVALLAR\"}]},{\"@type\":\"Person\",\"@id\":\"https:\/\/skadi.is\/#\/schema\/person\/7578cf673856d942ac3689ca9a249b7c\",\"name\":\"logmenn\",\"sameAs\":[\"http:\/\/skadi.is\"],\"url\":\"https:\/\/skadi.is\/index.php\/author\/logmenn\/\"}]}<\/script>\n<!-- \/ Yoast SEO plugin. -->","yoast_head_json":{"title":"ATVIKAL\u00ddSING VINNUVEITANDA TIL OPINBERRA A\u00d0ILA L\u00d6G\u00d0 TIL GRUNDVALLAR &gt; L&ouml;gmenn &Aacute;rb&aelig;","description":"\u00deann 10. n\u00f3vember sl. l\u00e1 fyrir d\u00f3mur H\u00e9ra\u00f0sd\u00f3ms Reykjav\u00edkur \u00ed m\u00e1li umbj\u00f3\u00f0anda L\u00f6gmanna \u00c1rb\u00e6 slf. gegn Sj\u00f3v\u00e1 Almennum tryggingum hf., sbr. h\u00e9ra\u00f0sd\u00f3msm\u00e1li\u00f0 nr. 3064\/2023. \u00dear komst fj\u00f6lskipa\u00f0ur d\u00f3mur H\u00e9ra\u00f0sd\u00f3ms Reykjav\u00edkur, \u00feeirri ni\u00f0urst\u00f6\u00f0u, a\u00f0 Sj\u00f3v\u00e1-Almennar tryggingar hf., b\u00e6ri ska\u00f0ab\u00f3ta\u00e1byrg\u00f0 sem v\u00e1tryggingjandi fyrrum vinnuveitanda tj\u00f3n\u00feola, vegna vinnuslyss tj\u00f3n\u00feola \u00ed n\u00f3vember 2021. Kaus hi\u00f0 stefnda tryggingarf\u00e9lag a\u00f0 una d\u00f3mi h\u00e9ra\u00f0sd\u00f3ms. \u00cd m\u00e1linu greindi a\u00f0ilum \u00e1 hvort a\u00f0 tj\u00f3n\u00feoli \u00e6tti r\u00e9tt \u00e1 b\u00f3tum \u00far frj\u00e1lsri \u00e1byrg\u00f0artryggingu fyrrum vinnuveitanda tj\u00f3n\u00feola, vegna \u00feess l\u00edkamstj\u00f3ns sem tj\u00f3n\u00feola var\u00f0 fyrir \u00ed slysi \u00e1 vinnusta\u00f0 s\u00ednum. N\u00e1nari tildr\u00f6g m\u00e1lsins voru \u00feau, a\u00f0 tj\u00f3n\u00feoli var\u00f0 fyrir slysi, a\u00f0 morgni 21. n\u00f3vember 2021, \u00ed starfi s\u00ednu vi\u00f0 afgrei\u00f0slu \u00ed \u00fativistarverslun fyrrum vinnuveitanda s\u00edns sem sta\u00f0sett er \u00ed gestami\u00f0st\u00f6\u00f0 \u00fej\u00f3\u00f0gar\u00f0sins \u00e1 \u00deingv\u00f6llum. Tildr\u00f6g slyssins voru \u00feau, a\u00f0 snemma a\u00f0 morgni umr\u00e6ddan dag hafi tj\u00f3n\u00feoli \u00e6tla\u00f0 a\u00f0 s\u00fdna h\u00f3pi vi\u00f0skiptavina hvar \u00fatisalerni v\u00e6ri \u00e1 sv\u00e6\u00f0inu, en \u00e1 \u00feeim t\u00edma hafi salerni innandyra ekki veri\u00f0 opin vi\u00f0skiptavinum. Er tj\u00f3n\u00feoli hafi gengi\u00f0 \u00fat um \u00fat um dyr gestami\u00f0st\u00f6\u00f0varinnar og s\u00ed\u00f0an ni\u00f0ur afl\u00ed\u00f0andi ramp. \u00c1 lei\u00f0 sinni ni\u00f0ur rampinn hafi stefnandi skrika\u00f0 f\u00f3tur og h\u00fan falli\u00f0 aftur fyrir sig, me\u00f0 \u00feeim aflei\u00f0ingum a\u00f0 h\u00f6fu\u00f0 hennar, hnakki, bak og hendur hafi skolli\u00f0 af miklu afli \u00e1 rampinn. \u00cd m\u00e1linu deildu a\u00f0ilar m.a. um hvernig n\u00e1kv\u00e6mlega hafi veri\u00f0 umhorfs \u00e1 slyssta\u00f0 og hvort a\u00f0 h\u00e1lkuv\u00f6rnum hafi veri\u00f0 sinnt me\u00f0 forsvaranlegum h\u00e6tti af h\u00e1lfu vinnuveitanda tj\u00f3n\u00feola. Vi\u00f0 \u00farlausn \u00e1 \u00feeim \u00e1greiningi, lag\u00f0i d\u00f3murinn r\u00e9ttilega til grundvallar, fr\u00e1s\u00f6gn tj\u00f3n\u00feola sem \u00e1tti s\u00e9r sto\u00f0 \u00ed upphaflegum tilkynningum fyrrum vinnuveitanda tj\u00f3n\u00feola til Vinnueftirlits r\u00edkisins og Sj\u00fakratrygginga \u00cdslands. Er ni\u00f0ursta\u00f0a d\u00f3msins sk\u00fdr, a\u00f0 leggja ver\u00f0i til grundvallar \u00fe\u00e6r m\u00e1lsatviksl\u00fdsingar sem stafi fr\u00e1 vinnuveitanda tj\u00f3n\u00feola til opinberra a\u00f0ila, nema hi\u00f0 gagnst\u00e6\u00f0a sannist. Samr\u00e6mist s\u00fa t\u00falkun l\u00f6gm\u00e6ltum skyldum atvinnurekanda og komi einnig \u00ed veg fyrir, a\u00f0 vinnuveitandi komi me\u00f0 hagfelldar eftir\u00e1sk\u00fdringar, eftir a\u00f0 krafa um ska\u00f0ab\u00e6tur fr\u00e1 tj\u00f3n\u00feola liggur fyrir. Fyrir framangreindar sakir, er lj\u00f3st a\u00f0 nau\u00f0synlegt s\u00e9 fyrir alla vinnuveitendur \u00feegar slys eru tilkynnt til Sj\u00fakratrygginga \u00cdslands og Vinnueftirlitsins, a\u00f0 sl\u00edkar tilkynningar s\u00e9u n\u00e1kv\u00e6mar og sannleikanum samkv\u00e6mar. Sl\u00edkt eigi a\u00f0 koma \u00ed veg fyrir \u00f3vissu sem kann a\u00f0 myndast um orsakir og tildr\u00f6gum slyss, \u00f6llum til hagsb\u00f3ta.H\u00e9r m\u00e1 sj\u00e1 d\u00f3minn: https:\/\/www.heradsdomstolar.is\/default.aspx?pageid=347c3bb1-8926-11e5-80c6-005056bc6a40&id=25804df5-ab77-4b03-8af7-f3b11015114e %","robots":{"index":"index","follow":"follow","max-snippet":"max-snippet:-1","max-image-preview":"max-image-preview:large","max-video-preview":"max-video-preview:-1"},"canonical":"https:\/\/skadi.is\/index.php\/2024\/02\/01\/atvikalysing-vinnuveitanda-til-opinberra-adila-logd-til-grundvallar\/","og_locale":"en_US","og_type":"article","og_title":"ATVIKAL\u00ddSING VINNUVEITANDA TIL OPINBERRA A\u00d0ILA L\u00d6G\u00d0 TIL GRUNDVALLAR &gt; L&ouml;gmenn &Aacute;rb&aelig;","og_description":"\u00deann 10. n\u00f3vember sl. l\u00e1 fyrir d\u00f3mur H\u00e9ra\u00f0sd\u00f3ms Reykjav\u00edkur \u00ed m\u00e1li umbj\u00f3\u00f0anda L\u00f6gmanna \u00c1rb\u00e6 slf. gegn Sj\u00f3v\u00e1 Almennum tryggingum hf., sbr. h\u00e9ra\u00f0sd\u00f3msm\u00e1li\u00f0 nr. 3064\/2023. \u00dear komst fj\u00f6lskipa\u00f0ur d\u00f3mur H\u00e9ra\u00f0sd\u00f3ms Reykjav\u00edkur, \u00feeirri ni\u00f0urst\u00f6\u00f0u, a\u00f0 Sj\u00f3v\u00e1-Almennar tryggingar hf., b\u00e6ri ska\u00f0ab\u00f3ta\u00e1byrg\u00f0 sem v\u00e1tryggingjandi fyrrum vinnuveitanda tj\u00f3n\u00feola, vegna vinnuslyss tj\u00f3n\u00feola \u00ed n\u00f3vember 2021. Kaus hi\u00f0 stefnda tryggingarf\u00e9lag a\u00f0 una d\u00f3mi h\u00e9ra\u00f0sd\u00f3ms. \u00cd m\u00e1linu greindi a\u00f0ilum \u00e1 hvort a\u00f0 tj\u00f3n\u00feoli \u00e6tti r\u00e9tt \u00e1 b\u00f3tum \u00far frj\u00e1lsri \u00e1byrg\u00f0artryggingu fyrrum vinnuveitanda tj\u00f3n\u00feola, vegna \u00feess l\u00edkamstj\u00f3ns sem tj\u00f3n\u00feola var\u00f0 fyrir \u00ed slysi \u00e1 vinnusta\u00f0 s\u00ednum. N\u00e1nari tildr\u00f6g m\u00e1lsins voru \u00feau, a\u00f0 tj\u00f3n\u00feoli var\u00f0 fyrir slysi, a\u00f0 morgni 21. n\u00f3vember 2021, \u00ed starfi s\u00ednu vi\u00f0 afgrei\u00f0slu \u00ed \u00fativistarverslun fyrrum vinnuveitanda s\u00edns sem sta\u00f0sett er \u00ed gestami\u00f0st\u00f6\u00f0 \u00fej\u00f3\u00f0gar\u00f0sins \u00e1 \u00deingv\u00f6llum. Tildr\u00f6g slyssins voru \u00feau, a\u00f0 snemma a\u00f0 morgni umr\u00e6ddan dag hafi tj\u00f3n\u00feoli \u00e6tla\u00f0 a\u00f0 s\u00fdna h\u00f3pi vi\u00f0skiptavina hvar \u00fatisalerni v\u00e6ri \u00e1 sv\u00e6\u00f0inu, en \u00e1 \u00feeim t\u00edma hafi salerni innandyra ekki veri\u00f0 opin vi\u00f0skiptavinum. Er tj\u00f3n\u00feoli hafi gengi\u00f0 \u00fat um \u00fat um dyr gestami\u00f0st\u00f6\u00f0varinnar og s\u00ed\u00f0an ni\u00f0ur afl\u00ed\u00f0andi ramp. \u00c1 lei\u00f0 sinni ni\u00f0ur rampinn hafi stefnandi skrika\u00f0 f\u00f3tur og h\u00fan falli\u00f0 aftur fyrir sig, me\u00f0 \u00feeim aflei\u00f0ingum a\u00f0 h\u00f6fu\u00f0 hennar, hnakki, bak og hendur hafi skolli\u00f0 af miklu afli \u00e1 rampinn. \u00cd m\u00e1linu deildu a\u00f0ilar m.a. um hvernig n\u00e1kv\u00e6mlega hafi veri\u00f0 umhorfs \u00e1 slyssta\u00f0 og hvort a\u00f0 h\u00e1lkuv\u00f6rnum hafi veri\u00f0 sinnt me\u00f0 forsvaranlegum h\u00e6tti af h\u00e1lfu vinnuveitanda tj\u00f3n\u00feola. Vi\u00f0 \u00farlausn \u00e1 \u00feeim \u00e1greiningi, lag\u00f0i d\u00f3murinn r\u00e9ttilega til grundvallar, fr\u00e1s\u00f6gn tj\u00f3n\u00feola sem \u00e1tti s\u00e9r sto\u00f0 \u00ed upphaflegum tilkynningum fyrrum vinnuveitanda tj\u00f3n\u00feola til Vinnueftirlits r\u00edkisins og Sj\u00fakratrygginga \u00cdslands. Er ni\u00f0ursta\u00f0a d\u00f3msins sk\u00fdr, a\u00f0 leggja ver\u00f0i til grundvallar \u00fe\u00e6r m\u00e1lsatviksl\u00fdsingar sem stafi fr\u00e1 vinnuveitanda tj\u00f3n\u00feola til opinberra a\u00f0ila, nema hi\u00f0 gagnst\u00e6\u00f0a sannist. Samr\u00e6mist s\u00fa t\u00falkun l\u00f6gm\u00e6ltum skyldum atvinnurekanda og komi einnig \u00ed veg fyrir, a\u00f0 vinnuveitandi komi me\u00f0 hagfelldar eftir\u00e1sk\u00fdringar, eftir a\u00f0 krafa um ska\u00f0ab\u00e6tur fr\u00e1 tj\u00f3n\u00feola liggur fyrir. Fyrir framangreindar sakir, er lj\u00f3st a\u00f0 nau\u00f0synlegt s\u00e9 fyrir alla vinnuveitendur \u00feegar slys eru tilkynnt til Sj\u00fakratrygginga \u00cdslands og Vinnueftirlitsins, a\u00f0 sl\u00edkar tilkynningar s\u00e9u n\u00e1kv\u00e6mar og sannleikanum samkv\u00e6mar. Sl\u00edkt eigi a\u00f0 koma \u00ed veg fyrir \u00f3vissu sem kann a\u00f0 myndast um orsakir og tildr\u00f6gum slyss, \u00f6llum til hagsb\u00f3ta.H\u00e9r m\u00e1 sj\u00e1 d\u00f3minn: https:\/\/www.heradsdomstolar.is\/default.aspx?pageid=347c3bb1-8926-11e5-80c6-005056bc6a40&id=25804df5-ab77-4b03-8af7-f3b11015114e %","og_url":"https:\/\/skadi.is\/index.php\/2024\/02\/01\/atvikalysing-vinnuveitanda-til-opinberra-adila-logd-til-grundvallar\/","og_site_name":"L&ouml;gmenn &Aacute;rb&aelig;","article_published_time":"2024-02-01T11:23:24+00:00","twitter_card":"summary_large_image","twitter_misc":{"Written by":"logmenn","Est. reading time":"3 minutes"},"schema":{"@context":"https:\/\/schema.org","@graph":[{"@type":"WebSite","@id":"https:\/\/skadi.is\/#website","url":"https:\/\/skadi.is\/","name":"L&ouml;gmenn &Aacute;rb&aelig;","description":"L&ouml;gmenn &Aacute;rb&aelig; slf. er alhli&eth;a l&ouml;gmannsstofa &thorn;ar sem &thorn;verfagleg l&ouml;gmanns&thorn;j&oacute;nusta er veitt.","potentialAction":[{"@type":"SearchAction","target":{"@type":"EntryPoint","urlTemplate":"https:\/\/skadi.is\/?s={search_term_string}"},"query-input":"required name=search_term_string"}],"inLanguage":"en"},{"@type":"WebPage","@id":"https:\/\/skadi.is\/index.php\/2024\/02\/01\/atvikalysing-vinnuveitanda-til-opinberra-adila-logd-til-grundvallar\/#webpage","url":"https:\/\/skadi.is\/index.php\/2024\/02\/01\/atvikalysing-vinnuveitanda-til-opinberra-adila-logd-til-grundvallar\/","name":"ATVIKAL\u00ddSING VINNUVEITANDA TIL OPINBERRA A\u00d0ILA L\u00d6G\u00d0 TIL GRUNDVALLAR &gt; L&ouml;gmenn &Aacute;rb&aelig;","isPartOf":{"@id":"https:\/\/skadi.is\/#website"},"datePublished":"2024-02-01T11:23:24+00:00","dateModified":"2024-02-01T11:23:24+00:00","author":{"@id":"https:\/\/skadi.is\/#\/schema\/person\/7578cf673856d942ac3689ca9a249b7c"},"description":"\u00deann 10. n\u00f3vember sl. l\u00e1 fyrir d\u00f3mur H\u00e9ra\u00f0sd\u00f3ms Reykjav\u00edkur \u00ed m\u00e1li umbj\u00f3\u00f0anda L\u00f6gmanna \u00c1rb\u00e6 slf. gegn Sj\u00f3v\u00e1 Almennum tryggingum hf., sbr. h\u00e9ra\u00f0sd\u00f3msm\u00e1li\u00f0 nr. 3064\/2023. \u00dear komst fj\u00f6lskipa\u00f0ur d\u00f3mur H\u00e9ra\u00f0sd\u00f3ms Reykjav\u00edkur, \u00feeirri ni\u00f0urst\u00f6\u00f0u, a\u00f0 Sj\u00f3v\u00e1-Almennar tryggingar hf., b\u00e6ri ska\u00f0ab\u00f3ta\u00e1byrg\u00f0 sem v\u00e1tryggingjandi fyrrum vinnuveitanda tj\u00f3n\u00feola, vegna vinnuslyss tj\u00f3n\u00feola \u00ed n\u00f3vember 2021. Kaus hi\u00f0 stefnda tryggingarf\u00e9lag a\u00f0 una d\u00f3mi h\u00e9ra\u00f0sd\u00f3ms. \u00cd m\u00e1linu greindi a\u00f0ilum \u00e1 hvort a\u00f0 tj\u00f3n\u00feoli \u00e6tti r\u00e9tt \u00e1 b\u00f3tum \u00far frj\u00e1lsri \u00e1byrg\u00f0artryggingu fyrrum vinnuveitanda tj\u00f3n\u00feola, vegna \u00feess l\u00edkamstj\u00f3ns sem tj\u00f3n\u00feola var\u00f0 fyrir \u00ed slysi \u00e1 vinnusta\u00f0 s\u00ednum. N\u00e1nari tildr\u00f6g m\u00e1lsins voru \u00feau, a\u00f0 tj\u00f3n\u00feoli var\u00f0 fyrir slysi, a\u00f0 morgni 21. n\u00f3vember 2021, \u00ed starfi s\u00ednu vi\u00f0 afgrei\u00f0slu \u00ed \u00fativistarverslun fyrrum vinnuveitanda s\u00edns sem sta\u00f0sett er \u00ed gestami\u00f0st\u00f6\u00f0 \u00fej\u00f3\u00f0gar\u00f0sins \u00e1 \u00deingv\u00f6llum. Tildr\u00f6g slyssins voru \u00feau, a\u00f0 snemma a\u00f0 morgni umr\u00e6ddan dag hafi tj\u00f3n\u00feoli \u00e6tla\u00f0 a\u00f0 s\u00fdna h\u00f3pi vi\u00f0skiptavina hvar \u00fatisalerni v\u00e6ri \u00e1 sv\u00e6\u00f0inu, en \u00e1 \u00feeim t\u00edma hafi salerni innandyra ekki veri\u00f0 opin vi\u00f0skiptavinum. Er tj\u00f3n\u00feoli hafi gengi\u00f0 \u00fat um \u00fat um dyr gestami\u00f0st\u00f6\u00f0varinnar og s\u00ed\u00f0an ni\u00f0ur afl\u00ed\u00f0andi ramp. \u00c1 lei\u00f0 sinni ni\u00f0ur rampinn hafi stefnandi skrika\u00f0 f\u00f3tur og h\u00fan falli\u00f0 aftur fyrir sig, me\u00f0 \u00feeim aflei\u00f0ingum a\u00f0 h\u00f6fu\u00f0 hennar, hnakki, bak og hendur hafi skolli\u00f0 af miklu afli \u00e1 rampinn. \u00cd m\u00e1linu deildu a\u00f0ilar m.a. um hvernig n\u00e1kv\u00e6mlega hafi veri\u00f0 umhorfs \u00e1 slyssta\u00f0 og hvort a\u00f0 h\u00e1lkuv\u00f6rnum hafi veri\u00f0 sinnt me\u00f0 forsvaranlegum h\u00e6tti af h\u00e1lfu vinnuveitanda tj\u00f3n\u00feola. Vi\u00f0 \u00farlausn \u00e1 \u00feeim \u00e1greiningi, lag\u00f0i d\u00f3murinn r\u00e9ttilega til grundvallar, fr\u00e1s\u00f6gn tj\u00f3n\u00feola sem \u00e1tti s\u00e9r sto\u00f0 \u00ed upphaflegum tilkynningum fyrrum vinnuveitanda tj\u00f3n\u00feola til Vinnueftirlits r\u00edkisins og Sj\u00fakratrygginga \u00cdslands. Er ni\u00f0ursta\u00f0a d\u00f3msins sk\u00fdr, a\u00f0 leggja ver\u00f0i til grundvallar \u00fe\u00e6r m\u00e1lsatviksl\u00fdsingar sem stafi fr\u00e1 vinnuveitanda tj\u00f3n\u00feola til opinberra a\u00f0ila, nema hi\u00f0 gagnst\u00e6\u00f0a sannist. Samr\u00e6mist s\u00fa t\u00falkun l\u00f6gm\u00e6ltum skyldum atvinnurekanda og komi einnig \u00ed veg fyrir, a\u00f0 vinnuveitandi komi me\u00f0 hagfelldar eftir\u00e1sk\u00fdringar, eftir a\u00f0 krafa um ska\u00f0ab\u00e6tur fr\u00e1 tj\u00f3n\u00feola liggur fyrir. Fyrir framangreindar sakir, er lj\u00f3st a\u00f0 nau\u00f0synlegt s\u00e9 fyrir alla vinnuveitendur \u00feegar slys eru tilkynnt til Sj\u00fakratrygginga \u00cdslands og Vinnueftirlitsins, a\u00f0 sl\u00edkar tilkynningar s\u00e9u n\u00e1kv\u00e6mar og sannleikanum samkv\u00e6mar. Sl\u00edkt eigi a\u00f0 koma \u00ed veg fyrir \u00f3vissu sem kann a\u00f0 myndast um orsakir og tildr\u00f6gum slyss, \u00f6llum til hagsb\u00f3ta.H\u00e9r m\u00e1 sj\u00e1 d\u00f3minn: https:\/\/www.heradsdomstolar.is\/default.aspx?pageid=347c3bb1-8926-11e5-80c6-005056bc6a40&id=25804df5-ab77-4b03-8af7-f3b11015114e %","breadcrumb":{"@id":"https:\/\/skadi.is\/index.php\/2024\/02\/01\/atvikalysing-vinnuveitanda-til-opinberra-adila-logd-til-grundvallar\/#breadcrumb"},"inLanguage":"en","potentialAction":[{"@type":"ReadAction","target":["https:\/\/skadi.is\/index.php\/2024\/02\/01\/atvikalysing-vinnuveitanda-til-opinberra-adila-logd-til-grundvallar\/"]}]},{"@type":"BreadcrumbList","@id":"https:\/\/skadi.is\/index.php\/2024\/02\/01\/atvikalysing-vinnuveitanda-til-opinberra-adila-logd-til-grundvallar\/#breadcrumb","itemListElement":[{"@type":"ListItem","position":1,"name":"Fr\u00e9ttir","item":"https:\/\/skadi.is\/"},{"@type":"ListItem","position":2,"name":"ATVIKAL\u00ddSING VINNUVEITANDA TIL OPINBERRA A\u00d0ILA L\u00d6G\u00d0 TIL GRUNDVALLAR"}]},{"@type":"Person","@id":"https:\/\/skadi.is\/#\/schema\/person\/7578cf673856d942ac3689ca9a249b7c","name":"logmenn","sameAs":["http:\/\/skadi.is"],"url":"https:\/\/skadi.is\/index.php\/author\/logmenn\/"}]}},"_links":{"self":[{"href":"https:\/\/skadi.is\/index.php\/wp-json\/wp\/v2\/posts\/864","targetHints":{"allow":["GET"]}}],"collection":[{"href":"https:\/\/skadi.is\/index.php\/wp-json\/wp\/v2\/posts"}],"about":[{"href":"https:\/\/skadi.is\/index.php\/wp-json\/wp\/v2\/types\/post"}],"author":[{"embeddable":true,"href":"https:\/\/skadi.is\/index.php\/wp-json\/wp\/v2\/users\/2"}],"replies":[{"embeddable":true,"href":"https:\/\/skadi.is\/index.php\/wp-json\/wp\/v2\/comments?post=864"}],"version-history":[{"count":1,"href":"https:\/\/skadi.is\/index.php\/wp-json\/wp\/v2\/posts\/864\/revisions"}],"predecessor-version":[{"id":865,"href":"https:\/\/skadi.is\/index.php\/wp-json\/wp\/v2\/posts\/864\/revisions\/865"}],"wp:attachment":[{"href":"https:\/\/skadi.is\/index.php\/wp-json\/wp\/v2\/media?parent=864"}],"wp:term":[{"taxonomy":"category","embeddable":true,"href":"https:\/\/skadi.is\/index.php\/wp-json\/wp\/v2\/categories?post=864"},{"taxonomy":"post_tag","embeddable":true,"href":"https:\/\/skadi.is\/index.php\/wp-json\/wp\/v2\/tags?post=864"}],"curies":[{"name":"wp","href":"https:\/\/api.w.org\/{rel}","templated":true}]}}